{"id":1378,"date":"2025-08-01T06:08:33","date_gmt":"2025-08-01T06:08:33","guid":{"rendered":"https:\/\/imig.gmbh\/?p=1378"},"modified":"2025-08-01T06:10:06","modified_gmt":"2025-08-01T06:10:06","slug":"agilitaet-als-wettbewerbsfaktor-es-geht-nicht-mehr-nur-um-zeit-fuer-veraenderung-sondern-um-die-effizienz-bei-veraenderung-warum-die-industrie-jetzt-umdenken-muss","status":"publish","type":"post","link":"https:\/\/imig.gmbh\/en\/agilitaet-als-wettbewerbsfaktor-es-geht-nicht-mehr-nur-um-zeit-fuer-veraenderung-sondern-um-die-effizienz-bei-veraenderung-warum-die-industrie-jetzt-umdenken-muss\/","title":{"rendered":"Agilit\u00e4t als Wettbewerbsfaktor: Es geht nicht mehr nur um Zeit f\u00fcr Ver\u00e4nderung, sondern um die Effizienz bei Ver\u00e4nderung \u2013 Warum die Industrie jetzt umdenken muss"},"content":{"rendered":"<h2 class=\"wp-block-heading\"><a>&nbsp;<\/a><\/h2>\n\n\n\n<h2 class=\"wp-block-heading\">Traditionelle Strukturen und Denkweisen sto\u00dfen an ihre Grenzen<\/h2>\n\n\n\n<p>Unsere Industrie steht in fast allen Branchen unter massivem Druck. Stabile Prozesse und Abl\u00e4ufe stehen in Konkurrenz zu den schnellen und oft kaum planbaren Ver\u00e4nderungen im Markt. Dies ist kein technisches Defizit &#8211; unsere aktuellen Managementmodelle greifen nicht mehr gut genug und resultieren in einem klaren Wettbewerbsnachteil gegen\u00fcber den Marktbegleitern aus Fernost, die immer starker auf den europ\u00e4ischen Markt dr\u00e4ngen.<\/p>\n\n\n\n<h2 class=\"wp-block-heading\"><a>Der Wandel ist bereits in vollem Gang \u2013 Agilit\u00e4t wird dabei aber oft falsch verstanden<\/a><\/h2>\n\n\n\n<p>Agilit\u00e4t ist l\u00e4ngst kein reines IT-Thema mehr, sondern wird in allen Unternehmens- und Managementbereichen fast schon inflation\u00e4r verwendet. Uns f\u00e4llt dabei auf, dass unter dem Begriff Agilit\u00e4t zunehmend darauf abgehoben wird, dass<\/p>\n\n\n\n<ul class=\"wp-block-list\">\n<li>Termine, Meilensteine<\/li>\n\n\n\n<li>Zwischenergebnisse, Fortschritte<\/li>\n<\/ul>\n\n\n\n<p>nicht planbar sind und man \u201ceben sehen muss wie sich das Thema entwickelt\u201d.<\/p>\n\n\n\n<p>Das entspricht nicht der wirklichen Idee von Agilit\u00e4t. Bei dem Einsatz von agilen Methoden geht es darum, ein vorgegebenes Ziel\/Ergebnis eben TROTZ FEHLENDER PLANBARKEIT in der vorgegebenen Zeit zu erreichen. Hierzu soll und kann durch den richtigen Einsatz von Agilit\u00e4t auf<\/p>\n\n\n\n<ul class=\"wp-block-list\">\n<li>unerwartete Ver\u00e4nderungen,<\/li>\n\n\n\n<li>dynamische Engp\u00e4sse,<\/li>\n\n\n\n<li>Projektschritte die besser oder schlechter als erwartet funktionieren<\/li>\n<\/ul>\n\n\n\n<p>schnell und effizient reagiert werden. Die Kernbotschaft ist also: Es f\u00fchren verschiedene Wege zum Ziel \u2013 finde und w\u00e4hle den jeweils besten Weg! \u2026und eben nicht \u201cLass Dir Zeit solange es eben dauert\u201d.<\/p>\n\n\n\n<p>Es geht darum, dass Entscheidungen schneller getroffen, Kundenbed\u00fcrfnisse direkter ber\u00fccksichtigt und Organisationen anpassungsf\u00e4higer werden. Die Herausforderungen sind klar: Digitalisierung, Marktdynamik und globaler Wettbewerb lassen keine Zeit mehr f\u00fcr traditionelle Denk- und Planungsmodelle. Wer heute nicht handelt, verliert morgen den Anschluss.<\/p>\n\n\n\n<h2 class=\"wp-block-heading\"><a>Stillstand ist keine Option: Die Folgen f\u00fcr Unternehmen<\/a><\/h2>\n\n\n\n<p>Ein \u00fcberregulierter Projektalltag mit sequentiellen Freigaben f\u00fchrt genauso zu Zeitverlust und Innovationsstau wie eine unter \u201cfalscher Agilit\u00e4t\u201d vermeintlich gefundene \u201cgro\u00dfe Freiheit\u201d. In beiden F\u00e4llen bleiben Kundenw\u00fcnsche auf der Strecke, weil Feedback zu sp\u00e4t kommt. Mitarbeitende resignieren angesichts starrer Hierarchien und\/oder fehlender Verantwortung und daraus resultierend fehlender Erfolge. All das f\u00fchrt nicht nur zu sinkender Wettbewerbsf\u00e4higkeit, sondern auch zu einem schleichenden Kulturverfall.<\/p>\n\n\n\n<h2 class=\"wp-block-heading\"><a>&nbsp;<\/a><\/h2>\n\n\n\n<h2 class=\"wp-block-heading\">IMIG als Transformationspartner: Vom Berater zum Bef\u00e4higer<\/h2>\n\n\n\n<p>Die IMIG GmbH verf\u00fcgt \u00fcber eine tiefgreifende Branchenkenntnis und verbindet strategische Weitsicht mit operativer Umsetzungskraft. Agilit\u00e4t ist f\u00fcr IMIG kein Buzzword, sondern gelebte Praxis: Mit Methoden aus Lean\/Agile Management, Industrie 4.0 und Business Transformation unterst\u00fctzt IMIG Unternehmen dabei, Strukturen zu entstauben, Entscheidungsprozesse zu beschleunigen und Mitarbeitende zu effizienter Ver\u00e4nderung zu bef\u00e4higen. Erfolgsbeispiele wie Bosch und HSBC belegen: Agilit\u00e4t funktioniert auch im hochregulierten Umfeld. Entscheidend ist ein Top-down-getriebener Kulturwandel, der mit Pilotprojekten startet, durch gezieltes Coaching begleitet wird und messbare Erfolge liefert. IMIG bietet hierf\u00fcr einen praxiserprobten, gestuften Fahrplan zur agilen Transformation.<\/p>\n\n\n\n<p>Cross-funktionale Teams und mutige Entscheidungen bringen Geschwindigkeit und Innovationskraft. Wenn sie ihre Prozesse und Strukturen konsequent auf Agilit\u00e4t ausgerichtet haben, ergeben sich deutlich messbare Verbesserungen bei Termin, Ergebnis und Effizienz.<\/p>\n\n\n\n<h2 class=\"wp-block-heading\">Jetzt ist die Zeit zu handeln<\/h2>\n\n\n\n<p>Wer jetzt auf Agilit\u00e4t setzt, sichert nicht nur seine Wettbewerbsf\u00e4higkeit, sondern gewinnt Handlungsfreiheit in unsicheren Zeiten. F\u00fcr Unternehmen ist es entscheidend, den Wandel aktiv zu gestalten \u2013 mit einem starken Partner an ihrer Seite. IMIG unterst\u00fctzt Sie dabei, Agilit\u00e4t nicht nur zu verstehen, sondern erfolgreich umzusetzen.<\/p>\n\n\n\n<p><strong>Sprechen Sie mit uns \u00fcber Ihre Transformationspl\u00e4ne. Gemeinsam gestalten wir Ihre Zukunft.<\/strong><\/p>\n\n\n\n<hr class=\"wp-block-separator has-alpha-channel-opacity\"\/>\n\n\n\n<p><strong>Verwendete Quellen (Auswahl):<\/strong> &#8211; Malorny, C. (2024): Kearney-Analyse zur chinesischen Automobilindustrie &#8211; HSBC (2023): Strategic Report zur agilen Transformation &#8211; Bosch (2023): Scrum@Scale Case Study &#8211; VDA (2024): Bericht zur Lage der deutschen Automobilindustrie &#8211; Echometer (2023): Agile au\u00dferhalb der Softwareentwicklung &#8211; IMIG Wissensbasis (2025)<\/p>\n\n\n\n<p>Ver\u00f6ffentlichungsdatum: 01.08.2025<\/p>","protected":false},"excerpt":{"rendered":"<p>&nbsp; Traditionelle Strukturen und Denkweisen sto\u00dfen an ihre Grenzen Unsere Industrie steht in fast allen Branchen unter massivem Druck. Stabile Prozesse und Abl\u00e4ufe stehen in Konkurrenz zu den schnellen und oft kaum planbaren Ver\u00e4nderungen im Markt. Dies ist kein technisches Defizit &#8211; unsere aktuellen Managementmodelle greifen nicht mehr gut genug und resultieren in einem klaren [&hellip;]<\/p>\n","protected":false},"author":1,"featured_media":1380,"comment_status":"open","ping_status":"open","sticky":false,"template":"","format":"standard","meta":{"footnotes":""},"categories":[1],"tags":[20,21,23,24,22],"class_list":["post-1378","post","type-post","status-publish","format-standard","has-post-thumbnail","hentry","category-uncategorized","tag-agilitaet","tag-agility","tag-busines","tag-industrie","tag-veraenderung"],"_links":{"self":[{"href":"https:\/\/imig.gmbh\/en\/wp-json\/wp\/v2\/posts\/1378","targetHints":{"allow":["GET"]}}],"collection":[{"href":"https:\/\/imig.gmbh\/en\/wp-json\/wp\/v2\/posts"}],"about":[{"href":"https:\/\/imig.gmbh\/en\/wp-json\/wp\/v2\/types\/post"}],"author":[{"embeddable":true,"href":"https:\/\/imig.gmbh\/en\/wp-json\/wp\/v2\/users\/1"}],"replies":[{"embeddable":true,"href":"https:\/\/imig.gmbh\/en\/wp-json\/wp\/v2\/comments?post=1378"}],"version-history":[{"count":0,"href":"https:\/\/imig.gmbh\/en\/wp-json\/wp\/v2\/posts\/1378\/revisions"}],"wp:featuredmedia":[{"embeddable":true,"href":"https:\/\/imig.gmbh\/en\/wp-json\/wp\/v2\/media\/1380"}],"wp:attachment":[{"href":"https:\/\/imig.gmbh\/en\/wp-json\/wp\/v2\/media?parent=1378"}],"wp:term":[{"taxonomy":"category","embeddable":true,"href":"https:\/\/imig.gmbh\/en\/wp-json\/wp\/v2\/categories?post=1378"},{"taxonomy":"post_tag","embeddable":true,"href":"https:\/\/imig.gmbh\/en\/wp-json\/wp\/v2\/tags?post=1378"}],"curies":[{"name":"wp","href":"https:\/\/api.w.org\/{rel}","templated":true}]}}